{"id":25372,"date":"2016-05-05T13:25:11","date_gmt":"2016-05-05T17:25:11","guid":{"rendered":"http:\/\/www.fondriest.com\/news\/?p=25372"},"modified":"2021-11-10T16:39:19","modified_gmt":"2021-11-10T20:39:19","slug":"transition-la-nina-seems-likel","status":"publish","type":"post","link":"https:\/\/www.fondriest.com\/news\/transition-la-nina-seems-likel.htm","title":{"rendered":"Transition To La Ni\u00f1a Seems Likely"},"content":{"rendered":"<p>With El Ni\u00f1o waning, a question on the mind of a few meteorologists is whether La Ni\u00f1a will take its place. According to a release from Washington State University, the data indicate that La Ni\u00f1a is probably on its way.<\/p>\n<p>Sea surface temperatures are continuing to go down in the tropical Pacific Ocean, scientists say. When combined with outlooks from climate models, including those made by officials at the National Oceanic and Atmospheric Administration, it looks increasingly likely that we\u2019re in store for a strong La Ni\u00f1a.<\/p>\n<p>Shifting from El Ni\u00f1o into La Ni\u00f1a is significant because of the impacts it can have on the world\u2019s weather. Instead of the weather patterns that we saw last year, La Ni\u00f1a can bring about weather that\u2019s largely the opposite of El Ni\u00f1o. So in places where there was drought, heavy rains may be on the way. And in areas that have experienced heat waves, cooler temperatures could be on the horizon.<\/p>\n<p><em><span style=\"color: #808080;\">Top image:\u00a0La Ni\u00f1a from December 2007. (Credit: NASA Earth Observatory)<\/span><\/em><\/p>\n","protected":false},"excerpt":{"rendered":"<p>With El Ni\u00f1o waning, a question on the mind of a few meteorologists is whether La Ni\u00f1a will take its place. According to a release from Washington State University, the data indicate that La Ni\u00f1a is probably on its way. Sea surface temperatures are continuing to go down in the tropical Pacific Ocean, scientists say. [&hellip;]<\/p>\n","protected":false},"author":13,"featured_media":25369,"comment_status":"open","ping_status":"open","sticky":false,"template":"","format":"standard","meta":{"footnotes":""},"categories":[23,7],"tags":[381,103,200,153],"class_list":["post-25372","post","type-post","status-publish","format-standard","has-post-thumbnail","hentry","category-earth-atmosphere","category-news","tag-enso","tag-news-2","tag-washington-state-university","tag-weather"],"remote_post_permalink":false,"remote_post_featured_image":false,"yoast_head":"<!-- This site is optimized with the Yoast SEO plugin v27.4 - https:\/\/yoast.com\/product\/yoast-seo-wordpress\/ -->\n<title>Transition To La Ni\u00f1a Seems Likely<\/title>\n<meta name=\"description\" content=\"With El Ni\u00f1o waning, a question on the mind of a few meteorologists is whether La Ni\u00f1a will take its place. According to a release from Washington State\" \/>\n<meta name=\"robots\" content=\"index, follow, max-snippet:-1, max-image-preview:large, max-video-preview:-1\" \/>\n<link rel=\"canonical\" href=\"https:\/\/www.fondriest.com\/news\/transition-la-nina-seems-likel.htm\" \/>\n<meta property=\"og:locale\" content=\"en_US\" \/>\n<meta property=\"og:type\" content=\"article\" \/>\n<meta property=\"og:title\" content=\"Transition To La Ni\u00f1a Seems Likely\" \/>\n<meta property=\"og:description\" content=\"With El Ni\u00f1o waning, a question on the mind of a few meteorologists is whether La Ni\u00f1a will take its place. According to a release from Washington State\" \/>\n<meta property=\"og:url\" content=\"https:\/\/www.fondriest.com\/news\/transition-la-nina-seems-likel.htm\" \/>\n<meta property=\"og:site_name\" content=\"Environmental Monitor\" \/>\n<meta property=\"article:published_time\" content=\"2016-05-05T17:25:11+00:00\" \/>\n<meta property=\"article:modified_time\" content=\"2021-11-10T20:39:19+00:00\" \/>\n<meta property=\"og:image\" content=\"https:\/\/www.fondriest.com\/news\/wp-content\/uploads\/2016\/05\/la_nina.jpg\" \/>\n\t<meta property=\"og:image:width\" content=\"420\" \/>\n\t<meta property=\"og:image:height\" content=\"470\" \/>\n\t<meta property=\"og:image:type\" content=\"image\/jpeg\" \/>\n<meta name=\"author\" content=\"Daniel Kelly\" \/>\n<meta name=\"twitter:label1\" content=\"Written by\" \/>\n\t<meta name=\"twitter:data1\" content=\"Daniel Kelly\" \/>\n\t<meta name=\"twitter:label2\" content=\"Est. reading time\" \/>\n\t<meta name=\"twitter:data2\" content=\"1 minute\" \/>\n<script type=\"application\/ld+json\" class=\"yoast-schema-graph\">{\"@context\":\"https:\\\/\\\/schema.org\",\"@graph\":[{\"@type\":\"Article\",\"@id\":\"https:\\\/\\\/www.fondriest.com\\\/news\\\/transition-la-nina-seems-likel.htm#article\",\"isPartOf\":{\"@id\":\"https:\\\/\\\/www.fondriest.com\\\/news\\\/transition-la-nina-seems-likel.htm\"},\"author\":{\"name\":\"Daniel Kelly\",\"@id\":\"https:\\\/\\\/www.fondriest.com\\\/news\\\/#\\\/schema\\\/person\\\/847643ff7cab0510299c8b13d204eac7\"},\"headline\":\"Transition To La Ni\u00f1a Seems Likely\",\"datePublished\":\"2016-05-05T17:25:11+00:00\",\"dateModified\":\"2021-11-10T20:39:19+00:00\",\"mainEntityOfPage\":{\"@id\":\"https:\\\/\\\/www.fondriest.com\\\/news\\\/transition-la-nina-seems-likel.htm\"},\"wordCount\":188,\"commentCount\":0,\"image\":{\"@id\":\"https:\\\/\\\/www.fondriest.com\\\/news\\\/transition-la-nina-seems-likel.htm#primaryimage\"},\"thumbnailUrl\":\"https:\\\/\\\/news.fondriest.com\\\/wp-content\\\/uploads\\\/2016\\\/05\\\/la_nina.jpg\",\"keywords\":[\"ENSO\",\"news\",\"Washington State University\",\"weather\"],\"articleSection\":[\"Earth &amp; Atmosphere\",\"News\"],\"inLanguage\":\"en-US\",\"potentialAction\":[{\"@type\":\"CommentAction\",\"name\":\"Comment\",\"target\":[\"https:\\\/\\\/www.fondriest.com\\\/news\\\/transition-la-nina-seems-likel.htm#respond\"]}]},{\"@type\":\"WebPage\",\"@id\":\"https:\\\/\\\/www.fondriest.com\\\/news\\\/transition-la-nina-seems-likel.htm\",\"url\":\"https:\\\/\\\/www.fondriest.com\\\/news\\\/transition-la-nina-seems-likel.htm\",\"name\":\"Transition To La Ni\u00f1a Seems Likely\",\"isPartOf\":{\"@id\":\"https:\\\/\\\/www.fondriest.com\\\/news\\\/#website\"},\"primaryImageOfPage\":{\"@id\":\"https:\\\/\\\/www.fondriest.com\\\/news\\\/transition-la-nina-seems-likel.htm#primaryimage\"},\"image\":{\"@id\":\"https:\\\/\\\/www.fondriest.com\\\/news\\\/transition-la-nina-seems-likel.htm#primaryimage\"},\"thumbnailUrl\":\"https:\\\/\\\/news.fondriest.com\\\/wp-content\\\/uploads\\\/2016\\\/05\\\/la_nina.jpg\",\"datePublished\":\"2016-05-05T17:25:11+00:00\",\"dateModified\":\"2021-11-10T20:39:19+00:00\",\"author\":{\"@id\":\"https:\\\/\\\/www.fondriest.com\\\/news\\\/#\\\/schema\\\/person\\\/847643ff7cab0510299c8b13d204eac7\"},\"description\":\"With El Ni\u00f1o waning, a question on the mind of a few meteorologists is whether La Ni\u00f1a will take its place. According to a release from Washington State\",\"inLanguage\":\"en-US\",\"potentialAction\":[{\"@type\":\"ReadAction\",\"target\":[\"https:\\\/\\\/www.fondriest.com\\\/news\\\/transition-la-nina-seems-likel.htm\"]}]},{\"@type\":\"ImageObject\",\"inLanguage\":\"en-US\",\"@id\":\"https:\\\/\\\/www.fondriest.com\\\/news\\\/transition-la-nina-seems-likel.htm#primaryimage\",\"url\":\"https:\\\/\\\/news.fondriest.com\\\/wp-content\\\/uploads\\\/2016\\\/05\\\/la_nina.jpg\",\"contentUrl\":\"https:\\\/\\\/news.fondriest.com\\\/wp-content\\\/uploads\\\/2016\\\/05\\\/la_nina.jpg\",\"width\":420,\"height\":470,\"caption\":\"La Ni\u00f1a from December 2007. (Credit: NASA Earth Observatory)\"},{\"@type\":\"WebSite\",\"@id\":\"https:\\\/\\\/www.fondriest.com\\\/news\\\/#website\",\"url\":\"https:\\\/\\\/www.fondriest.com\\\/news\\\/\",\"name\":\"Environmental Monitor\",\"description\":\"Application and technology news for environmental professionals\",\"potentialAction\":[{\"@type\":\"SearchAction\",\"target\":{\"@type\":\"EntryPoint\",\"urlTemplate\":\"https:\\\/\\\/www.fondriest.com\\\/news\\\/?s={search_term_string}\"},\"query-input\":{\"@type\":\"PropertyValueSpecification\",\"valueRequired\":true,\"valueName\":\"search_term_string\"}}],\"inLanguage\":\"en-US\"},{\"@type\":\"Person\",\"@id\":\"https:\\\/\\\/www.fondriest.com\\\/news\\\/#\\\/schema\\\/person\\\/847643ff7cab0510299c8b13d204eac7\",\"name\":\"Daniel Kelly\",\"image\":{\"@type\":\"ImageObject\",\"inLanguage\":\"en-US\",\"@id\":\"https:\\\/\\\/secure.gravatar.com\\\/avatar\\\/1b1a53273429ff6b46dfea6cf5731e1278d990bbf6958f4de0ca57131c443dd2?s=96&d=mm&r=g\",\"url\":\"https:\\\/\\\/secure.gravatar.com\\\/avatar\\\/1b1a53273429ff6b46dfea6cf5731e1278d990bbf6958f4de0ca57131c443dd2?s=96&d=mm&r=g\",\"contentUrl\":\"https:\\\/\\\/secure.gravatar.com\\\/avatar\\\/1b1a53273429ff6b46dfea6cf5731e1278d990bbf6958f4de0ca57131c443dd2?s=96&d=mm&r=g\",\"caption\":\"Daniel Kelly\"},\"url\":\"https:\\\/\\\/www.fondriest.com\\\/news\\\/author\\\/daniel-kelly\"}]}<\/script>\n<!-- \/ Yoast SEO plugin. -->","yoast_head_json":{"title":"Transition To La Ni\u00f1a Seems Likely","description":"With El Ni\u00f1o waning, a question on the mind of a few meteorologists is whether La Ni\u00f1a will take its place. According to a release from Washington State","robots":{"index":"index","follow":"follow","max-snippet":"max-snippet:-1","max-image-preview":"max-image-preview:large","max-video-preview":"max-video-preview:-1"},"canonical":"https:\/\/www.fondriest.com\/news\/transition-la-nina-seems-likel.htm","og_locale":"en_US","og_type":"article","og_title":"Transition To La Ni\u00f1a Seems Likely","og_description":"With El Ni\u00f1o waning, a question on the mind of a few meteorologists is whether La Ni\u00f1a will take its place. According to a release from Washington State","og_url":"https:\/\/www.fondriest.com\/news\/transition-la-nina-seems-likel.htm","og_site_name":"Environmental Monitor","article_published_time":"2016-05-05T17:25:11+00:00","article_modified_time":"2021-11-10T20:39:19+00:00","og_image":[{"width":420,"height":470,"url":"https:\/\/www.fondriest.com\/news\/wp-content\/uploads\/2016\/05\/la_nina.jpg","type":"image\/jpeg"}],"author":"Daniel Kelly","twitter_misc":{"Written by":"Daniel Kelly","Est. reading time":"1 minute"},"schema":{"@context":"https:\/\/schema.org","@graph":[{"@type":"Article","@id":"https:\/\/www.fondriest.com\/news\/transition-la-nina-seems-likel.htm#article","isPartOf":{"@id":"https:\/\/www.fondriest.com\/news\/transition-la-nina-seems-likel.htm"},"author":{"name":"Daniel Kelly","@id":"https:\/\/www.fondriest.com\/news\/#\/schema\/person\/847643ff7cab0510299c8b13d204eac7"},"headline":"Transition To La Ni\u00f1a Seems Likely","datePublished":"2016-05-05T17:25:11+00:00","dateModified":"2021-11-10T20:39:19+00:00","mainEntityOfPage":{"@id":"https:\/\/www.fondriest.com\/news\/transition-la-nina-seems-likel.htm"},"wordCount":188,"commentCount":0,"image":{"@id":"https:\/\/www.fondriest.com\/news\/transition-la-nina-seems-likel.htm#primaryimage"},"thumbnailUrl":"https:\/\/news.fondriest.com\/wp-content\/uploads\/2016\/05\/la_nina.jpg","keywords":["ENSO","news","Washington State University","weather"],"articleSection":["Earth &amp; Atmosphere","News"],"inLanguage":"en-US","potentialAction":[{"@type":"CommentAction","name":"Comment","target":["https:\/\/www.fondriest.com\/news\/transition-la-nina-seems-likel.htm#respond"]}]},{"@type":"WebPage","@id":"https:\/\/www.fondriest.com\/news\/transition-la-nina-seems-likel.htm","url":"https:\/\/www.fondriest.com\/news\/transition-la-nina-seems-likel.htm","name":"Transition To La Ni\u00f1a Seems Likely","isPartOf":{"@id":"https:\/\/www.fondriest.com\/news\/#website"},"primaryImageOfPage":{"@id":"https:\/\/www.fondriest.com\/news\/transition-la-nina-seems-likel.htm#primaryimage"},"image":{"@id":"https:\/\/www.fondriest.com\/news\/transition-la-nina-seems-likel.htm#primaryimage"},"thumbnailUrl":"https:\/\/news.fondriest.com\/wp-content\/uploads\/2016\/05\/la_nina.jpg","datePublished":"2016-05-05T17:25:11+00:00","dateModified":"2021-11-10T20:39:19+00:00","author":{"@id":"https:\/\/www.fondriest.com\/news\/#\/schema\/person\/847643ff7cab0510299c8b13d204eac7"},"description":"With El Ni\u00f1o waning, a question on the mind of a few meteorologists is whether La Ni\u00f1a will take its place. According to a release from Washington State","inLanguage":"en-US","potentialAction":[{"@type":"ReadAction","target":["https:\/\/www.fondriest.com\/news\/transition-la-nina-seems-likel.htm"]}]},{"@type":"ImageObject","inLanguage":"en-US","@id":"https:\/\/www.fondriest.com\/news\/transition-la-nina-seems-likel.htm#primaryimage","url":"https:\/\/news.fondriest.com\/wp-content\/uploads\/2016\/05\/la_nina.jpg","contentUrl":"https:\/\/news.fondriest.com\/wp-content\/uploads\/2016\/05\/la_nina.jpg","width":420,"height":470,"caption":"La Ni\u00f1a from December 2007. (Credit: NASA Earth Observatory)"},{"@type":"WebSite","@id":"https:\/\/www.fondriest.com\/news\/#website","url":"https:\/\/www.fondriest.com\/news\/","name":"Environmental Monitor","description":"Application and technology news for environmental professionals","potentialAction":[{"@type":"SearchAction","target":{"@type":"EntryPoint","urlTemplate":"https:\/\/www.fondriest.com\/news\/?s={search_term_string}"},"query-input":{"@type":"PropertyValueSpecification","valueRequired":true,"valueName":"search_term_string"}}],"inLanguage":"en-US"},{"@type":"Person","@id":"https:\/\/www.fondriest.com\/news\/#\/schema\/person\/847643ff7cab0510299c8b13d204eac7","name":"Daniel Kelly","image":{"@type":"ImageObject","inLanguage":"en-US","@id":"https:\/\/secure.gravatar.com\/avatar\/1b1a53273429ff6b46dfea6cf5731e1278d990bbf6958f4de0ca57131c443dd2?s=96&d=mm&r=g","url":"https:\/\/secure.gravatar.com\/avatar\/1b1a53273429ff6b46dfea6cf5731e1278d990bbf6958f4de0ca57131c443dd2?s=96&d=mm&r=g","contentUrl":"https:\/\/secure.gravatar.com\/avatar\/1b1a53273429ff6b46dfea6cf5731e1278d990bbf6958f4de0ca57131c443dd2?s=96&d=mm&r=g","caption":"Daniel Kelly"},"url":"https:\/\/www.fondriest.com\/news\/author\/daniel-kelly"}]}},"_links":{"self":[{"href":"https:\/\/www.fondriest.com\/news\/wp-json\/wp\/v2\/posts\/25372","targetHints":{"allow":["GET"]}}],"collection":[{"href":"https:\/\/www.fondriest.com\/news\/wp-json\/wp\/v2\/posts"}],"about":[{"href":"https:\/\/www.fondriest.com\/news\/wp-json\/wp\/v2\/types\/post"}],"author":[{"embeddable":true,"href":"https:\/\/www.fondriest.com\/news\/wp-json\/wp\/v2\/users\/13"}],"replies":[{"embeddable":true,"href":"https:\/\/www.fondriest.com\/news\/wp-json\/wp\/v2\/comments?post=25372"}],"version-history":[{"count":3,"href":"https:\/\/www.fondriest.com\/news\/wp-json\/wp\/v2\/posts\/25372\/revisions"}],"predecessor-version":[{"id":33111,"href":"https:\/\/www.fondriest.com\/news\/wp-json\/wp\/v2\/posts\/25372\/revisions\/33111"}],"wp:featuredmedia":[{"embeddable":true,"href":"https:\/\/www.fondriest.com\/news\/wp-json\/wp\/v2\/media\/25369"}],"wp:attachment":[{"href":"https:\/\/www.fondriest.com\/news\/wp-json\/wp\/v2\/media?parent=25372"}],"wp:term":[{"taxonomy":"category","embeddable":true,"href":"https:\/\/www.fondriest.com\/news\/wp-json\/wp\/v2\/categories?post=25372"},{"taxonomy":"post_tag","embeddable":true,"href":"https:\/\/www.fondriest.com\/news\/wp-json\/wp\/v2\/tags?post=25372"}],"curies":[{"name":"wp","href":"https:\/\/api.w.org\/{rel}","templated":true}]}}